{"id":1832,"date":"2010-09-28T17:32:15","date_gmt":"2010-09-28T17:32:15","guid":{"rendered":"https:\/\/www.defryskeboerepream.nl\/?p=1832"},"modified":"2018-04-24T17:46:15","modified_gmt":"2018-04-24T17:46:15","slug":"2010-dfb-kompetysje-wedstriidferslach-en-einstan","status":"publish","type":"post","link":"https:\/\/www.defryskeboerepream.nl\/?p=1832","title":{"rendered":"2010 DFB Kompetysje \u2013 wedstriidferslach en einst\u00e2n"},"content":{"rendered":"<p style=\"text-align: center;\"><strong><u>Frysk kampioen 2010 en de Zwaga bokaal:<\/u><\/strong><\/p>\n<p style=\"text-align: center;\"><strong><u> <\/u><\/strong><span>In totaal zijn in 2010 \u201cde Fryske Boerepream\u201d Sylkompetysje zeven wedstrijden gezeild,<br \/>\nverdeeld over drie weekenden. Met overmacht is Arend de Boer en zijn bemanning met de pream \u201cDe Flecke\u201d kampioen geworden door alle 7 wedstrijden te winnen.<br \/>\nDe Zwaga- bokaal, bestemd voor de snelste stijger in het klassement, was voor Bote Pietersma van de pream n\u00fbmer 4 de \u201cNije Kimen\u201d (eigenaar Fedde Mulder).<br \/>\nVorig jaar was deze pream 15<sup>e<\/sup>, en nu 10<sup>e\u00a0<\/sup>in het klassement.<\/span><\/p>\n<p style=\"text-align: center;\"><img loading=\"lazy\" decoding=\"async\" src=\"https:\/\/www.defryskeboerepream.nl\/wp-content\/uploads\/2018\/02\/DSC03620.jpg\" alt=\"\" width=\"547\" height=\"232\" class=\"wp-image-719 aligncenter\" srcset=\"https:\/\/www.defryskeboerepream.nl\/wp-content\/uploads\/2018\/02\/DSC03620.jpg 1024w, https:\/\/www.defryskeboerepream.nl\/wp-content\/uploads\/2018\/02\/DSC03620-300x127.jpg 300w, https:\/\/www.defryskeboerepream.nl\/wp-content\/uploads\/2018\/02\/DSC03620-768x326.jpg 768w\" sizes=\"auto, (max-width: 547px) 100vw, 547px\" \/>Kampioen Arend de Boer met zijn bemanning.<\/p>\n<p><img loading=\"lazy\" decoding=\"async\" src=\"https:\/\/www.defryskeboerepream.nl\/wp-content\/uploads\/2018\/04\/DSC03636.jpg\" alt=\"\" width=\"441\" height=\"293\" class=\"wp-image-1837 aligncenter\" srcset=\"https:\/\/www.defryskeboerepream.nl\/wp-content\/uploads\/2018\/04\/DSC03636.jpg 1024w, https:\/\/www.defryskeboerepream.nl\/wp-content\/uploads\/2018\/04\/DSC03636-300x200.jpg 300w, https:\/\/www.defryskeboerepream.nl\/wp-content\/uploads\/2018\/04\/DSC03636-768x511.jpg 768w, https:\/\/www.defryskeboerepream.nl\/wp-content\/uploads\/2018\/04\/DSC03636-360x240.jpg 360w\" sizes=\"auto, (max-width: 441px) 100vw, 441px\" \/><\/p>\n<p style=\"text-align: center;\"><span style=\"font-size: 18px;\">Een aantal van de deelnemende schippers achter de wimpel.\u00a0<\/span><\/p>\n<p style=\"text-align: center;\"><strong><u>Kort verslag van de zeilwedstrijden van de Fryske Kompetysje 2010 op het Heegermeer bij W\u00e2ldsein op 8 en 9 mei 2010.<\/u><\/strong><\/p>\n<p style=\"text-align: left;\"><span>In dit weekend zijn de eerste serie wedstrijden gezeild om het kampioenschap van \u201cde Fryske Boerepream\u201d. In totaal waren er 18 preammen aangemeld, waarvan er zaterdag 16 verschenen aan de start. Zaterdag kon er vanwege te weinig wind slechts 1 wedstrijd gevaren worden. De pream \u201cDe Flecke\u201d met schipper Arend de Boer kon na een matige start toch goed naar voren komen en eindigde als eerste voor concurrent Gerben Gerbrandy met de pream \u201cSietse\u201d.\u00a0Twee preammen ( nr. 22 en nr. 54) hielden de drijfpartij niet vol en starten de motor en zijn derhalve reglementair niet gefinisht .<\/span><\/p>\n<p><span>Zondag stond er een prachtige \u2018topskoelte\u2019 (N-NO 4) en kon er zeer goed gezeild worden. Er werd dan ook in beide wedstrijden op alle fronten fel gestreden. In beide wedstrijden liepen de preammen van Arend de Boer en Gerben Gerbrandy ver uit op de rest. Er werd door die twee schippers een prachtig duel gevoerd en tot aan de finish gestreden om de eerste plek. Schipper Arend de Boer werd met zijn bemanning uiteindelijk twee keer eerste. Zeker ook net onder de top was de wedstrijd spannend. \u201cDe Boereswel\u201d ( Pieter de Haas ) zeilde zondag sterk ( met een 3<sup>e\u00a0<\/sup>en 4<sup>e\u00a0<\/sup>plek), maar door de 12<sup>e\u00a0<\/sup>plek op zaterdag zakten de Oudegasters in het totaal klassement uiteindelijk naar een 6<sup>e\u00a0<\/sup>plek.<\/span><\/p>\n<p><span>Na drie wedstrijden bij W\u00e2ldsein is de tussenstand nu:<br \/>\n<img loading=\"lazy\" decoding=\"async\" src=\"https:\/\/www.defryskeboerepream.nl\/wp-content\/uploads\/2018\/04\/2010-W\u00e2ldsein-exel.png\" alt=\"\" width=\"892\" height=\"585\" class=\"alignnone size-full wp-image-1842\" srcset=\"https:\/\/www.defryskeboerepream.nl\/wp-content\/uploads\/2018\/04\/2010-W\u00e2ldsein-exel.png 892w, https:\/\/www.defryskeboerepream.nl\/wp-content\/uploads\/2018\/04\/2010-W\u00e2ldsein-exel-300x197.png 300w, https:\/\/www.defryskeboerepream.nl\/wp-content\/uploads\/2018\/04\/2010-W\u00e2ldsein-exel-768x504.png 768w\" sizes=\"auto, (max-width: 892px) 100vw, 892px\" \/><br \/>\n<\/span><\/p>\n<p><span><img loading=\"lazy\" decoding=\"async\" src=\"https:\/\/www.defryskeboerepream.nl\/wp-content\/uploads\/2018\/04\/Waldsein-2010.jpg\" alt=\"\" width=\"442\" height=\"294\" class=\" wp-image-1850 aligncenter\" srcset=\"https:\/\/www.defryskeboerepream.nl\/wp-content\/uploads\/2018\/04\/Waldsein-2010.jpg 600w, https:\/\/www.defryskeboerepream.nl\/wp-content\/uploads\/2018\/04\/Waldsein-2010-300x200.jpg 300w, https:\/\/www.defryskeboerepream.nl\/wp-content\/uploads\/2018\/04\/Waldsein-2010-360x240.jpg 360w\" sizes=\"auto, (max-width: 442px) 100vw, 442px\" \/><\/span><\/p>\n<p style=\"text-align: center;\"><span>\u00a0Op de foto Arend Wisse de Boer, Erik Jansma en Tsjeard Bakker<\/span><\/p>\n<p style=\"text-align: center;\"><span>\u00a0<\/span><strong><u>Verslag van de zeilwedstrijden van de Fryske Kompetysje 2010<br \/>\n<\/u><\/strong><strong><u> op de Aldegeaster Brekken op 19 en 20 juni 2010.<br \/>\n<\/u><\/strong><\/p>\n<p style=\"text-align: left;\"><span>Dit weekeinde werd de tweede serie wedstrijden verzeild in de Fryske Kompetysje 2010 van de vereniging van \u201cDe Fryske Boerepream\u201d.<br \/>\n<\/span>Ondanks de slechte weersvoorspellingen verschenen\u00a0er 16 preammen vrijdagavond in de haven van Oudega\u00a0 (Wymbritseradiel).\u00a0 In totaal zijn er in de Fryske Kompetysje drie weekenden met 9 wedstrijden gepland. Dit weekend ging het om de tweede serie van drie wedstrijden (twee wedstrijden op zaterdag en \u00e9\u00e9n op zondag).<span><br \/>\n<\/span><\/p>\n<p><span>Vanwege de voetbalwedstrijd Nederland \u2013 Japan werd zaterdag vroeg het schipperspalaver gehouden. Wedstrijdleider Jetse van der Goot waarschuwde de schippers voor de voorspelde harde wind en zware windstoten.\u00a0 Om 9.30 uur verschenen de preammen met gereefde zeilen aan de start op de \u201cAldegeaster Brekken\u201d, echter toen waaide de wind al zo hard (stevige 6 Bft), dat wedstrijdzeilen niet verantwoord was.\u00a0Besloten werd \u00e9\u00e9n wedstrijd te laten vervallen en een wedstrijd naar de zondag te verschuiven.\u00a0 De preammen konden dus weer vroeg naar de haven.<\/span><\/p>\n<p><span>Zondag kon onder goede omstandigheden wel worden gezeild. In de twee wedstrijden werd fel gestreden om een mooi plekje op de ranglijst.\u00a0 De pream \u201cSietse\u201d met schipper Gerben Gerbrandy (Gau) leverde in beide wedstrijden een fel gevecht met \u201cDe Flecke\u201d van Arend de Boer. Beide keren kwam \u201cDe Flecke\u201d als eerste over de finish.\u00a0 Zowel met weinig als met veel wind lijkt \u201cDe Flecke\u201d uit Sneek onverslaanbaar en de grote kandidaat voor het kampioenschap 2010. Derde en vierde werden respectievelijk \u201cDen Ael\u201d met schipper Jan Kuperus en de \u201cLege Geaen\u201d met schipper Erik Jansma.<br \/>\n<\/span><span>Op 25 en 26 september zullen de laatste 3 wedstrijden worden gezeild bij Terherne.<\/span><\/p>\n<p><span>\u00a0<\/span>Kompetysje \u00fatslach &#8220;De Fryske Boerepream&#8221; Aldegea 2010:<br \/>\n<img loading=\"lazy\" decoding=\"async\" src=\"https:\/\/www.defryskeboerepream.nl\/wp-content\/uploads\/2018\/04\/2010-Aldegea-exel.png\" alt=\"\" width=\"877\" height=\"524\" class=\"alignnone size-full wp-image-1843\" srcset=\"https:\/\/www.defryskeboerepream.nl\/wp-content\/uploads\/2018\/04\/2010-Aldegea-exel.png 877w, https:\/\/www.defryskeboerepream.nl\/wp-content\/uploads\/2018\/04\/2010-Aldegea-exel-300x179.png 300w, https:\/\/www.defryskeboerepream.nl\/wp-content\/uploads\/2018\/04\/2010-Aldegea-exel-768x459.png 768w\" sizes=\"auto, (max-width: 877px) 100vw, 877px\" \/><\/p>\n<p style=\"text-align: center;\"><img loading=\"lazy\" decoding=\"async\" src=\"https:\/\/www.defryskeboerepream.nl\/wp-content\/uploads\/2018\/04\/2010-Aldegea.jpg\" alt=\"\" width=\"467\" height=\"311\" class=\"wp-image-1849 aligncenter\" srcset=\"https:\/\/www.defryskeboerepream.nl\/wp-content\/uploads\/2018\/04\/2010-Aldegea.jpg 1148w, https:\/\/www.defryskeboerepream.nl\/wp-content\/uploads\/2018\/04\/2010-Aldegea-300x200.jpg 300w, https:\/\/www.defryskeboerepream.nl\/wp-content\/uploads\/2018\/04\/2010-Aldegea-768x511.jpg 768w, https:\/\/www.defryskeboerepream.nl\/wp-content\/uploads\/2018\/04\/2010-Aldegea-1024x681.jpg 1024w, https:\/\/www.defryskeboerepream.nl\/wp-content\/uploads\/2018\/04\/2010-Aldegea-360x240.jpg 360w\" sizes=\"auto, (max-width: 467px) 100vw, 467px\" \/>De eerste drie op de Oudegaaster Brekken.<span><br \/>\n<\/span>V.l.n.r. Germ Gerbrandy, Arend Wisse de Boer en Jan Kuperus.<\/p>\n<p style=\"text-align: center;\"><span>\u00a0<\/span><strong><u>Kort wedstrijdverslag van de 3<sup>e<\/sup>serie wedstrijden bij Terherne<br \/>\nom het Frysk Kampioenschap Preamsilen\u00a0op 25 en 26 september 2010.<\/u><\/strong><span>\u00a0<\/span><\/p>\n<p><span>De zeilvereniging \u201cOnder Ons\u201d uit Terherne\u00a0 had zaterdag een prachtig zeilparcours uitgezet op de \u201cTerkaplester Puollen\u201d, met maar liefst 3 kruisrakken per route. De wind was noordwest kracht 5 Bft, met daarbij flinke \u2018p\u00fbsters\u2019. Het palaver was om ong. 9.15 op de P\u00f4le van Heida\/De Vries. Het gebeuren kreeg speciale aandacht van Omrop Frysl\u00e2n in het programma \u201cOp en \u00dat\u201d door o.a. een interview met koploper Arend de Boer. In totaal starten 16 preammen om ca. 10.30 uur. \u201cDe Flecke\u201d en de \u201cSietse\u201d lagen direct op positie 1 en 2, en lieten die positie niet weer los. De pream \u201cDe Dominee\u201d van Sietse Bruinsma startte als 3<sup>e<\/sup>en hield deze plek lang vast, maar moest uiteindelijk Erik Jansma van de \u201cLege Geaen\u201d voor zich laten gaan. De tweede wedstrijd startte om ca. 14.00 uur. Er lag een mooie lange startlijn voor de preammen klaar. Na het eerste kruisrak was de volgorde van de 1<sup>e<\/sup>vijf preammen als volgt:\u00a0 De Flecke (43) , de Gerrit Ultjes (29) ,\u00a0 de Lege Geaen (33) , de Reidhin( 40) en de Reidplum (44) van debutant Jentje Jonker. Tijdens de wedstrijd moesten twee preammen met averij naar de kant, zodat uiteindelijk na een zware strijd met veel wind (en dus veel hozen) 14 preamen over de finish gingen. De finishnummers 1 tm 3 waren: De Flecke (43), de Lege Gea\u00ebn ( 33) en de Gerrit Ultsjes ( 29)<\/span><\/p>\n<p><span>Voor de zondag stond \u00e9\u00e9n wedstrijd gepland om 11.00. Vanwege de hardnekkige mist moest de wedstrijd worden uitgesteld tot ca. 11.30. De wind was in de nacht gedraaid naar Noordoost tot Oost en was zeer zwak. In het eerste kruisrak viel de wind hier en daar helemaal weg. Uiteindelijk werd door de wedstrijdleiding besloten de wedstrijd om ca. 12.40 uur af te breken.<\/span><\/p>\n<p><span>Zie hieronder voor de totale uitslag van de wedstrijd bij Terherne:<br \/>\n<img loading=\"lazy\" decoding=\"async\" src=\"https:\/\/www.defryskeboerepream.nl\/wp-content\/uploads\/2018\/04\/2010-Terherne-exel.png\" alt=\"\" width=\"1009\" height=\"541\" class=\"alignnone size-full wp-image-1844\" srcset=\"https:\/\/www.defryskeboerepream.nl\/wp-content\/uploads\/2018\/04\/2010-Terherne-exel.png 1009w, https:\/\/www.defryskeboerepream.nl\/wp-content\/uploads\/2018\/04\/2010-Terherne-exel-300x161.png 300w, https:\/\/www.defryskeboerepream.nl\/wp-content\/uploads\/2018\/04\/2010-Terherne-exel-768x412.png 768w\" sizes=\"auto, (max-width: 1009px) 100vw, 1009px\" \/>\u00a0<\/span><\/p>\n<p>Kompetysje oersjoch en ein\u00fatslach fan Kompetysje &#8220;De Fryske Boerepream&#8221; 2010:<br \/>\n<img loading=\"lazy\" decoding=\"async\" src=\"https:\/\/www.defryskeboerepream.nl\/wp-content\/uploads\/2018\/04\/2010-Einst\u00e1n-exel.png\" alt=\"\" width=\"1254\" height=\"441\" class=\"alignnone size-full wp-image-1845\" srcset=\"https:\/\/www.defryskeboerepream.nl\/wp-content\/uploads\/2018\/04\/2010-Einst\u00e1n-exel.png 1254w, https:\/\/www.defryskeboerepream.nl\/wp-content\/uploads\/2018\/04\/2010-Einst\u00e1n-exel-300x106.png 300w, https:\/\/www.defryskeboerepream.nl\/wp-content\/uploads\/2018\/04\/2010-Einst\u00e1n-exel-768x270.png 768w, https:\/\/www.defryskeboerepream.nl\/wp-content\/uploads\/2018\/04\/2010-Einst\u00e1n-exel-1024x360.png 1024w\" sizes=\"auto, (max-width: 1254px) 100vw, 1254px\" \/><br \/>\n<span style=\"font-size: 14px;\">By de earste wedstriid yn W\u00e2ldsein, binne der twa preammen oer de finish kaam mei in reade flagge yn it want &#8211;<br \/>\nbeide hawwe gjin protest ynstjinne, derfoar ha sy trije strafpunten krigen.<\/span><\/p>\n<p><img loading=\"lazy\" decoding=\"async\" src=\"https:\/\/www.defryskeboerepream.nl\/wp-content\/uploads\/2018\/04\/DSC03641.jpg\" alt=\"\" width=\"419\" height=\"503\" class=\"wp-image-1846 aligncenter\" srcset=\"https:\/\/www.defryskeboerepream.nl\/wp-content\/uploads\/2018\/04\/DSC03641.jpg 545w, https:\/\/www.defryskeboerepream.nl\/wp-content\/uploads\/2018\/04\/DSC03641-250x300.jpg 250w\" sizes=\"auto, (max-width: 419px) 100vw, 419px\" \/><\/p>\n<p style=\"text-align: center;\"><span>Arend de Boer, Germ Gerbrandy en Erik Jansma:<br \/>\n<\/span><span>de eerste drie van zowel de Terkaplester poelen als het klassement 2010.<\/span><\/p>\n<p>&nbsp;<\/p>\n<p style=\"text-align: center;\"><img loading=\"lazy\" decoding=\"async\" src=\"https:\/\/www.defryskeboerepream.nl\/wp-content\/uploads\/2018\/02\/DSC03622.jpg\" alt=\"\" width=\"439\" height=\"365\" class=\" wp-image-689 aligncenter\" srcset=\"https:\/\/www.defryskeboerepream.nl\/wp-content\/uploads\/2018\/02\/DSC03622.jpg 924w, https:\/\/www.defryskeboerepream.nl\/wp-content\/uploads\/2018\/02\/DSC03622-300x249.jpg 300w, https:\/\/www.defryskeboerepream.nl\/wp-content\/uploads\/2018\/02\/DSC03622-768x638.jpg 768w\" sizes=\"auto, (max-width: 439px) 100vw, 439px\" \/>Zwaga-bokaal 2010 foar Bote Pietersma \u00fat W\u00e2ldsein mei pream n\u00fbmer 4 de &#8220;Nije Kimen&#8221;.<\/p>\n<p><span>\u00a0<\/span><\/p>\n<p>&nbsp;<\/p>\n","protected":false},"excerpt":{"rendered":"<p>Frysk kampioen 2010 en de Zwaga bokaal: In totaal zijn in 2010 \u201cde Fryske Boerepream\u201d Sylkompetysje zeven wedstrijden gezeild, verdeeld over drie weekenden. Met overmacht is Arend de Boer en zijn bemanning met de pream \u201cDe Flecke\u201d kampioen geworden door alle 7 wedstrijden te winnen. De Zwaga- bokaal, bestemd voor [&hellip;]<\/p>\n","protected":false},"author":3501,"featured_media":1833,"comment_status":"open","ping_status":"closed","sticky":false,"template":"","format":"standard","meta":{"_exactmetrics_skip_tracking":false,"_exactmetrics_sitenote_active":false,"_exactmetrics_sitenote_note":"","_exactmetrics_sitenote_category":0,"footnotes":""},"categories":[21],"tags":[],"class_list":["post-1832","post","type-post","status-publish","format-standard","has-post-thumbnail","hentry","category-wedstriden-argyf"],"_links":{"self":[{"href":"https:\/\/www.defryskeboerepream.nl\/index.php?rest_route=\/wp\/v2\/posts\/1832","targetHints":{"allow":["GET"]}}],"collection":[{"href":"https:\/\/www.defryskeboerepream.nl\/index.php?rest_route=\/wp\/v2\/posts"}],"about":[{"href":"https:\/\/www.defryskeboerepream.nl\/index.php?rest_route=\/wp\/v2\/types\/post"}],"author":[{"embeddable":true,"href":"https:\/\/www.defryskeboerepream.nl\/index.php?rest_route=\/wp\/v2\/users\/3501"}],"replies":[{"embeddable":true,"href":"https:\/\/www.defryskeboerepream.nl\/index.php?rest_route=%2Fwp%2Fv2%2Fcomments&post=1832"}],"version-history":[{"count":11,"href":"https:\/\/www.defryskeboerepream.nl\/index.php?rest_route=\/wp\/v2\/posts\/1832\/revisions"}],"predecessor-version":[{"id":1852,"href":"https:\/\/www.defryskeboerepream.nl\/index.php?rest_route=\/wp\/v2\/posts\/1832\/revisions\/1852"}],"wp:featuredmedia":[{"embeddable":true,"href":"https:\/\/www.defryskeboerepream.nl\/index.php?rest_route=\/wp\/v2\/media\/1833"}],"wp:attachment":[{"href":"https:\/\/www.defryskeboerepream.nl\/index.php?rest_route=%2Fwp%2Fv2%2Fmedia&parent=1832"}],"wp:term":[{"taxonomy":"category","embeddable":true,"href":"https:\/\/www.defryskeboerepream.nl\/index.php?rest_route=%2Fwp%2Fv2%2Fcategories&post=1832"},{"taxonomy":"post_tag","embeddable":true,"href":"https:\/\/www.defryskeboerepream.nl\/index.php?rest_route=%2Fwp%2Fv2%2Ftags&post=1832"}],"curies":[{"name":"wp","href":"https:\/\/api.w.org\/{rel}","templated":true}]}}