{"id":3150,"date":"2020-01-19T21:15:40","date_gmt":"2020-01-19T21:15:40","guid":{"rendered":"https:\/\/www.defryskeboerepream.nl\/?p=3150"},"modified":"2023-05-15T08:51:25","modified_gmt":"2023-05-15T08:51:25","slug":"aginda-2020","status":"publish","type":"post","link":"https:\/\/www.defryskeboerepream.nl\/?p=3150","title":{"rendered":"Aginda 2020"},"content":{"rendered":"<h4 style=\"text-align: center;\"><strong>Data fan eveneminten &#8216;de Fryske Boerepream&#8217; 2020<br \/><\/strong><span style=\"color: #ff0000; font-size: 18px;\">I.v.m. Maatregel organiseren evenementen en samenkomsten is Aginda 2020 buiten werking!<\/span><strong><br \/><\/strong><\/h4>\r\n<hr \/>\r\n<table width=\"932\" height=\"331\">\r\n<tbody>\r\n<tr>\r\n<td width=\"270\" style=\"text-align: center;\">\r\n<p><strong> Sneon<br \/><\/strong><strong>11 jannewaris<br \/><\/strong>\u00a0<strong><strong><strong>2020<\/strong><\/strong><\/strong> \u00a0 <strong><strong><\/strong><\/strong><\/p>\r\n<\/td>\r\n<td width=\"932\" style=\"text-align: left;\">\r\n<p><strong>Nijjiersgearkomst DFB yn gearwurking mei pream Jolanda:<br \/><\/strong><em>pream Jolanda\u00a0noeget leden,\u00a0stipers en oare belanstellenden \u00fat om l\u00e2ns te kommen yn Earnew\u00e2ld, yn it Skippersh\u00fbs<\/em><strong><br \/><\/strong><\/p>\r\n<\/td>\r\n<td width=\"134\" style=\"text-align: center;\"><b><br \/>Earnew\u00e2ld:<br \/><\/b><em>Ynrin\u00a0fan\u00f4f 19.00 oere\u00a0oant ?\u00a0<\/em><b><\/b><\/td>\r\n<\/tr>\r\n<tr><\/tr>\r\n<tr>\r\n<td width=\"270\">\r\n<p style=\"text-align: center;\"><strong>Woansdei<br \/>29 jannewaris<br \/><\/strong><b>2020<\/b><\/p>\r\n<\/td>\r\n<td width=\"932\" style=\"text-align: left;\"><strong>Bestjoersfergadering\u00a0\u00a0<\/strong><\/td>\r\n<td width=\"134\" style=\"text-align: center;\"><strong>Raerd<br \/><\/strong><em>20.00 oere<\/em><\/td>\r\n<\/tr>\r\n<tr>\r\n<td width=\"270\" style=\"text-align: center;\"><strong><strong>Freed<br \/>14 febrewaris<br \/>2020<\/strong><\/strong><\/td>\r\n<td width=\"932\">\r\n<p><strong>Regelementen-avond:<\/strong><em><br \/>Op \u00fbtnoeging fan de DFB Sil Jos Spijkerman l\u00e2ns komme, om in \u00fas by te praten oer syl-regleminten.<\/em><br \/><em>Nei de pauze kinne situaasjes inbrocht wurde!<\/em><br \/><em>Dizze j\u00fbn giet Troch by foldwaande belangstelling: opjefte fia it skretariaat fan DFB.<br \/>Sjoch ek mailing en op de webside DFB!<br \/><a href=\"https:\/\/www.defryskeboerepream.nl\/?p=3175\">-&gt;link: Regelementen-avond Jos Spijkerman&lt;-<\/a>\u00a0<br \/><\/em><\/p>\r\n<\/td>\r\n<td width=\"134\" style=\"text-align: center;\"><strong>Raerd<br \/><\/strong><em>Doarpsh\u00fbs<\/em><br \/><em>&#8216;DeTrijesprong&#8217;<\/em><br \/><em>Buorren<\/em><br \/><em>9012 DW<\/em><\/td>\r\n<\/tr>\r\n<tr>\r\n<td width=\"270\" style=\"text-align: center;\"><strong><strong>Woansdei<br \/>4 maart<br \/>2020<\/strong><\/strong><\/td>\r\n<td width=\"932\"><strong>Foarjiersfergadering<br \/><\/strong><em>sjoch aginda \u00fbnder nieuws<\/em><strong><br \/><\/strong><\/td>\r\n<td width=\"134\" style=\"text-align: center;\">\r\n<p><strong>Raerd<\/strong><em><br \/>Doarpsh\u00fbs<br \/>&#8216;De Trijesprong&#8217;<br \/>Buorren<br \/>9012 DW<br \/><\/em><\/p>\r\n<\/td>\r\n<\/tr>\r\n<tr>\r\n<td width=\"270\" style=\"text-align: center;\"><strong><strong> Sneon<br \/><\/strong><\/strong><b>9 maaie<br \/><\/b><strong>2020<\/strong> \u00a0\u00a0<strong><\/strong><\/td>\r\n<td width=\"932\">\r\n<p><strong>Prolooch &#8220;de Fryske Boerepream&#8221;<br \/><\/strong><a href=\"https:\/\/www.defryskeboerepream.nl\/?p=3182\"><em>-&gt;link: sjoch\u00a0flyer op \u00fas webside&lt;-<\/em><\/a><span><\/span><\/p>\r\n<p><span style=\"color: #ff0000;\"><strong>Giet net troch!<\/strong><\/span><\/p>\r\n<\/td>\r\n<td width=\"134\" style=\"text-align: center;\"><strong>Eastermar<\/strong> <em>WSF<\/em><br \/><em>&#8216;Tusken Mar en Leyen&#8217;<\/em><\/td>\r\n<\/tr>\r\n<tr>\r\n<td width=\"270\" style=\"text-align: center;\"><strong>Wykein<br \/>16\/17 maaie<br \/>2020<\/strong><\/td>\r\n<td width=\"932\">\r\n<p><em><strong><\/strong><\/em>\u00a0<strong>Start 1ste\u00a0Wedstrijd\u00a0Sylkompetysje DFB 2020<br \/><\/strong><em>Palaver 9.00 oere<\/em><\/p>\r\n<p><strong><span style=\"color: #ff0000;\">Giet net troch!<\/span><\/strong><\/p>\r\n<\/td>\r\n<td width=\"134\" style=\"text-align: center;\"><strong>W\u00e2ldsein<\/strong><\/td>\r\n<\/tr>\r\n<tr>\r\n<td width=\"270\" style=\"text-align: center;\"><strong>Wykein 13\/14\u00a0<\/strong><strong>juni<br \/>2020<\/strong><\/td>\r\n<td width=\"932\">\r\n<p><strong>2de Wedstriid Sylkompetysje DFB 2020<br \/><\/strong><em>&#8211; Palaver 9.00 oere<\/em>\u00a0<br \/><em>&#8211; &#8216;in moai plakje op de w\u00e2l&#8217; kinne jo fine op de hoeke fan de Aldegeaster Brekken by camping jachthaven <br \/><a href=\"https:\/\/www.bearshoeke.nl\">-&gt;&#8221;Watersportcamping De Bearshoeke&#8221;<strong> &lt;&#8211; link<\/strong><\/a> <\/em>\u00a0<\/p>\r\n<p><strong><span><span style=\"color: #ff0000;\">Giet net t<span style=\"caret-color: #ff0000;\">roch!<\/span><\/span><\/span><\/strong><\/p>\r\n<\/td>\r\n<td width=\"134\" style=\"text-align: center;\"><strong>\u00c2ldegea<\/strong><\/td>\r\n<\/tr>\r\n<tr>\r\n<td width=\"270\" style=\"text-align: center;\"><strong>Sneon<br \/>29 augustus<br \/>2020<\/strong><\/td>\r\n<td width=\"932\">\r\n<p><em><strong>&#8216;\u00a0<\/strong><\/em><strong>Slach om \u00c2ldegea &#8216; :\u00a0<\/strong> <br \/><em>* freonskiplike wedstriid * <\/em><br \/><em>Eventueel as ynhel-wedstriid Sylkompetysje 2020 W\u00e2ldsein\/Aldegea <\/em><\/p>\r\n<p><strong><span style=\"color: #ff0000;\">Giet\u00a0<\/span><span style=\"color: #ff0000;\"><span style=\"caret-color: #ff0000;\">Troch! &#8211; S<\/span><\/span><\/strong><span style=\"color: #ff0000;\"><b>joch ek\u00a0Nijs en Mailing!<\/b><\/span><\/p>\r\n<\/td>\r\n<td width=\"134\" style=\"text-align: center;\"><strong>\u00c2ldegea<\/strong><\/td>\r\n<\/tr>\r\n<tr>\r\n<td width=\"270\" style=\"text-align: center;\"><strong>Snein<br \/>30 augustus<br \/>2020<\/strong><\/td>\r\n<td width=\"932\">\r\n<p><em><strong>&#8216;<\/strong><\/em><strong>&#8216;Merkesilen&#8217; <\/strong><em><strong><br \/><\/strong><\/em><i>foar leafhawwers!<\/i> <br \/><i><a href=\"http:\/\/wsvonderons.nl\/merkesilen\/\">-&gt; link &#8211; Sjoch webside fan &#8216;WSV Onder Ons'&lt;-<\/a><\/i><\/p>\r\n<p><strong><span style=\"color: #ff0000;\">Giet net troch!<\/span><\/strong><\/p>\r\n<\/td>\r\n<td width=\"134\" style=\"text-align: center;\"><strong>Terherne<\/strong><\/td>\r\n<\/tr>\r\n<tr>\r\n<td width=\"270\" style=\"text-align: center;\"><strong>Sneon<br \/>12<\/strong><strong><strong>\u00a0septimber<br \/>2020<\/strong><\/strong>\u00a0\u00a0<\/td>\r\n<td width=\"932\">\r\n<p><strong>3de Wedstriid &#8211; \u00d4fsluting Sylkompetysje 2020<\/strong><em><strong><br \/><\/strong>&#8211; Palaver 9.00 oere<\/em><br \/><em>&#8211; 4 oant 5 wedstriden op de &#8216;Terkaplester Puollen&#8217; &#8211; J\u00fbns priis\u00fatrikking en &#8216;feest mei muzyk&#8217;<\/em> !<br \/><br \/><strong><span style=\"color: #ff0000;\">Giet net troch!<\/span><\/strong><\/p>\r\n<\/td>\r\n<td width=\"134\" style=\"text-align: center;\"><strong> Terherne<\/strong> &#8216;Zeilvereniging Onder Ons&#8217; \u00a0<\/td>\r\n<\/tr>\r\n<tr>\r\n<td width=\"270\" style=\"text-align: center;\"><strong>25 November\u00a02020<\/strong><\/td>\r\n<td width=\"932\"><strong>Bestjoersfergadering &#8211; Raerd<\/strong><\/td>\r\n<td width=\"134\" style=\"text-align: center;\"><\/td>\r\n<\/tr>\r\n<tr>\r\n<td width=\"270\" style=\"text-align: center;\"><strong><strong>\u00a0Novimber\/Desimber<br \/>2020<\/strong><\/strong><\/td>\r\n<td width=\"932\">\r\n<p><strong>Leden-Vergadering \/ Evaluaasje DFB Sylkompetysje 2020<\/strong><\/p>\r\n<p><strong><span style=\"color: #ff0000;\">Giet net troch!<\/span><\/strong><\/p>\r\n<\/td>\r\n<td width=\"134\" style=\"text-align: center;\">&#8216;<\/td>\r\n<\/tr>\r\n<tr><\/tr>\r\n<tr>\r\n<td width=\"270\" style=\"text-align: center;\"><\/td>\r\n<td width=\"932\"><\/td>\r\n<td width=\"134\" style=\"text-align: center;\"><\/td>\r\n<\/tr>\r\n<tr>\r\n<td width=\"270\" style=\"text-align: center;\"><\/td>\r\n<td width=\"932\"><\/td>\r\n<td width=\"134\" style=\"text-align: center;\"><\/td>\r\n<\/tr>\r\n<\/tbody>\r\n<\/table>\r\n<p>&nbsp;<\/p>\r\n\r\n<p>&nbsp;<\/p>","protected":false},"excerpt":{"rendered":"<p>Data fan eveneminten &#8216;de Fryske Boerepream&#8217; 2020I.v.m. Maatregel organiseren evenementen en samenkomsten is Aginda 2020 buiten werking! Sneon11 jannewaris\u00a02020 \u00a0 Nijjiersgearkomst DFB yn gearwurking mei pream Jolanda:pream Jolanda\u00a0noeget leden,\u00a0stipers en oare belanstellenden \u00fat om l\u00e2ns te kommen yn Earnew\u00e2ld, yn it Skippersh\u00fbs Earnew\u00e2ld:Ynrin\u00a0fan\u00f4f 19.00 oere\u00a0oant ?\u00a0 Woansdei29 jannewaris2020 Bestjoersfergadering\u00a0\u00a0 Raerd20.00 [&hellip;]<\/p>\n","protected":false},"author":3501,"featured_media":3179,"comment_status":"open","ping_status":"closed","sticky":false,"template":"","format":"standard","meta":{"_exactmetrics_skip_tracking":false,"_exactmetrics_sitenote_active":false,"_exactmetrics_sitenote_note":"","_exactmetrics_sitenote_category":0,"footnotes":""},"categories":[43,3],"tags":[],"class_list":["post-3150","post","type-post","status-publish","format-standard","has-post-thumbnail","hentry","category-aginda-argyf","category-nijs"],"_links":{"self":[{"href":"https:\/\/www.defryskeboerepream.nl\/index.php?rest_route=\/wp\/v2\/posts\/3150","targetHints":{"allow":["GET"]}}],"collection":[{"href":"https:\/\/www.defryskeboerepream.nl\/index.php?rest_route=\/wp\/v2\/posts"}],"about":[{"href":"https:\/\/www.defryskeboerepream.nl\/index.php?rest_route=\/wp\/v2\/types\/post"}],"author":[{"embeddable":true,"href":"https:\/\/www.defryskeboerepream.nl\/index.php?rest_route=\/wp\/v2\/users\/3501"}],"replies":[{"embeddable":true,"href":"https:\/\/www.defryskeboerepream.nl\/index.php?rest_route=%2Fwp%2Fv2%2Fcomments&post=3150"}],"version-history":[{"count":19,"href":"https:\/\/www.defryskeboerepream.nl\/index.php?rest_route=\/wp\/v2\/posts\/3150\/revisions"}],"predecessor-version":[{"id":3304,"href":"https:\/\/www.defryskeboerepream.nl\/index.php?rest_route=\/wp\/v2\/posts\/3150\/revisions\/3304"}],"wp:featuredmedia":[{"embeddable":true,"href":"https:\/\/www.defryskeboerepream.nl\/index.php?rest_route=\/wp\/v2\/media\/3179"}],"wp:attachment":[{"href":"https:\/\/www.defryskeboerepream.nl\/index.php?rest_route=%2Fwp%2Fv2%2Fmedia&parent=3150"}],"wp:term":[{"taxonomy":"category","embeddable":true,"href":"https:\/\/www.defryskeboerepream.nl\/index.php?rest_route=%2Fwp%2Fv2%2Fcategories&post=3150"},{"taxonomy":"post_tag","embeddable":true,"href":"https:\/\/www.defryskeboerepream.nl\/index.php?rest_route=%2Fwp%2Fv2%2Ftags&post=3150"}],"curies":[{"name":"wp","href":"https:\/\/api.w.org\/{rel}","templated":true}]}}