{"id":3637,"date":"2022-01-27T11:59:57","date_gmt":"2022-01-27T11:59:57","guid":{"rendered":"https:\/\/www.defryskeboerepream.nl\/?p=3637"},"modified":"2022-02-03T14:23:22","modified_gmt":"2022-02-03T14:23:22","slug":"leden-en-evaluatievergadering-sylkompetysje-2021-van-vereniging-de-fryske-boerepream","status":"publish","type":"post","link":"https:\/\/www.defryskeboerepream.nl\/?p=3637","title":{"rendered":"Ferslach Leden- en Evaluatievergadering Sylkompetysje 2021  van Vereniging \u2018de Fryske Boerepream\u2019"},"content":{"rendered":"<p style=\"text-align: center;\"><strong><u><img loading=\"lazy\" decoding=\"async\" src=\"https:\/\/www.defryskeboerepream.nl\/wp-content\/uploads\/2018\/01\/favicon_logo-280x300.png\" alt=\"\" width=\"80\" height=\"85\" class=\"alignnone wp-image-510\" srcset=\"https:\/\/www.defryskeboerepream.nl\/wp-content\/uploads\/2018\/01\/favicon_logo-280x300.png 280w, https:\/\/www.defryskeboerepream.nl\/wp-content\/uploads\/2018\/01\/favicon_logo.png 496w\" sizes=\"auto, (max-width: 80px) 100vw, 80px\" \/>\u00a0 \u00a0 \u00a0 \u00a0 \u00a0 \u00a02021 &#8211; \u00a0Leden-vergadering \u00a0&#8211; \u00a0&#8216;de Fryske Boerepream\u2019 \u00a0 \u00a0 \u00a0 \u00a0 \u00a0 \u00a0 \u00a0\u00a0<img loading=\"lazy\" decoding=\"async\" src=\"https:\/\/www.defryskeboerepream.nl\/wp-content\/uploads\/2018\/01\/favicon_logo-280x300.png\" alt=\"\" width=\"80\" height=\"85\" class=\"alignnone wp-image-510\" srcset=\"https:\/\/www.defryskeboerepream.nl\/wp-content\/uploads\/2018\/01\/favicon_logo-280x300.png 280w, https:\/\/www.defryskeboerepream.nl\/wp-content\/uploads\/2018\/01\/favicon_logo.png 496w\" sizes=\"auto, (max-width: 80px) 100vw, 80px\" \/><\/u><\/strong><\/p>\n<p style=\"text-align: left;\"><strong><br \/>\nFerslach Leden-Evaluatievergadering Sylkompetysje 2021<\/strong><\/p>\n<p><strong><u>Datum:<\/u><\/strong><span>\u00a0 \u00a0 \u00a0 \u00a0 \u00a0 \u00a0 \u00a0 <\/span>woensdag 13 oktober 2021<br \/>\n<strong><u>Plaats:<\/u><\/strong><span>\u00a0 <\/span><span>\u00a0 \u00a0 \u00a0 \u00a0 \u00a0 \u00a0 \u00a0<\/span>Doarpsh\u00fbs \u201cDe Tijesprong\u201d Raerd.<br \/>\n<strong><u>Aanvang:<\/u><\/strong> <span>\u00a0<\/span><strong><span>\u00a0\u00a0\u00a0\u00a0\u00a0\u00a0\u00a0 <\/span><\/strong>20.00 uur<br \/>\n<strong><u><\/u><\/strong><\/p>\n<p><strong><u>Aanwezig:<\/u><\/strong><strong><span>\u00a0\u00a0\u00a0\u00a0\u00a0\u00a0\u00a0 <\/span><\/strong>10- Y. Ykema, 47- E. de Jong, A. Postma, 29- A. de Jong, T. Faber, 9- S. van der Meulen, K. Postma, <span>\u00a0<\/span>36- S. Bruinsma, H. de Vlas, 51- F. de Haan, 39- M. Lekkerkerk, 33- E. Hibma, A. Vellinga, E. Jansma, mjitter- Y Bouma.<\/p>\n<p><strong><u>Onderwerpen:<br \/>\n<\/u><\/strong><\/p>\n<ol><\/ol>\n<ol start=\"1\">\n<li><strong> <\/strong><strong>Opening<br \/>\n<\/strong>Ygram opent de vergadering en zit voor. Michiel Kalsbeek is afwezig omdat zijn vrouw corona heeft.<\/li>\n<\/ol>\n<ol start=\"2\">\n<li><strong> <\/strong><strong>Mededelingen en of ingekomen stukken:<\/strong><br \/>\nAfbericht van <span><\/span>Jan de Wilde, Jan de Vries, Joke van der Zwaag, Jan Slotboom, Jaap Faber, Peter Tolsma via<span><span>\u00a0Ygram<\/span><\/span>Er zijn geen agendapunten extra aangedragen.<\/li>\n<\/ol>\n<ol start=\"3\">\n<li><strong> <\/strong><strong>Notulen 4 maart 2020 :<\/strong><br \/>\nBij punt 13 merkt Wiebe van der Pol op dat het hem niet zo zeer om de dip start ging maar de buitenom regeling er uit zou willen hebben. Dus bij individueel fout terug naar de start als de ruimte er is en niet helemaal buitenom. Hij krijgt hierin bijval. Het bestuur zal er naar kijken.Nije Sylpreammen komt nog aan de orde. Verder geen opmerkingen en wordt het verslag goedgekeurd.<\/li>\n<\/ol>\n<ol start=\"4\">\n<li><strong> <\/strong><strong>Financieel verslag 2020:<\/strong><br \/>\nErrit (penningmeester) ligt de cijfers toe. In 2020 is maar heel weinig gebeurt. Er is \u20ac 200,- minder ingekomen maar daar staat tegenover dat er ook niet veel is uitgegeven omdat er geen wedstrijden waren.<\/li>\n<\/ol>\n<ol start=\"5\">\n<li><strong> <\/strong><strong>Verslag kascommissie:<\/strong><br \/>\nWiebe van der Pol had nog geen tijd gehad om controle uit te oefenen. Na de pauze konden Klaas Postma en Wiebe de penningmeester decharge verlenen.<\/li>\n<\/ol>\n<ol start=\"6\">\n<li><strong> <\/strong><strong>Nieuwe leden kascommissie:<br \/>\n<\/strong>Jan de Wilde, Wiebe van der Pol en Arnoud Vellenga (reserve)<\/li>\n<\/ol>\n<ol start=\"7\">\n<li><strong> <\/strong><strong>Begroting 2021 en 2022:<\/strong><br \/>\nHet jaar 2021 is bijna afgelopen en was er geen begroting opgesteld. Er zijn ook geen bijzondere dingen gebeurt. De begroting 2022 komt overeen met 2019 met een extra budget voor het jubileum. In de voorjaarsvergadering van maart kunnen wij die nog doornemen.<\/li>\n<\/ol>\n<ol start=\"8\">\n<li><strong> <\/strong><strong>Bestuurssamenstelling:<\/strong><br \/>\n&#8211; Jan Slotboom heeft aangegeven de website nog wel een tijdje te willen doen. We nemen dus afscheid van hem als secretaris. Dat komt nog.<br \/>\n&#8211; Ygram Ykema geeft aan dat het na 11 jaar wel genoeg is geweest en wil in maart 2022 zich terugtrekken uit het bestuur. Voor zijn functie kunnen gegadigden zich melden.<strong style=\"text-align: center;\">\u00a0 \u00a0 \u00a0 \u00a0 \u00a0 \u00a0 \u00a0 \u00a0 \u00a0 \u00a0 \u00a0 \u00a0Pauze &#8211;\u00a0<\/strong><strong style=\"text-align: center;\">Evaluatie 2021 wordt toegevoegd aan punt 10<\/strong><\/li>\n<\/ol>\n<ol start=\"9\">\n<li><strong> <\/strong><strong>Verslag 20 november 2019:<br \/>\n<span style=\"font-weight: 300;\"><em>Evaluatie 2019.<\/em> Woudsend was niet optimaal, vraag van Klaas Postma kunnen wij niet naar Balk? Wij hebben Bart Lekkerkerk in Woudsend zitten, Hij kan een volgende keer misschien wat regelwerk verrichten. Monique is aanwezig en neemt het mee. Dat gaan we eerst afwachten.<br \/>\n<em>Verenigingsvlag:<\/em> De Gepke wil er nog \u00e9\u00e9n hebben. Errit zal informeren naar de kosten voor bijbestelling. Voorstel om ook een grote vlag te doen voor op het startschip en bij het palaver.<br \/>\n<\/span><\/strong><em>Bij punt 9 zeiltekens:<\/em> geeft Simon van der Meulen nogmaals aan daar voorstander van te zijn. Het bestuur stelt voor het niet te doen. Het moet dan zo groot dat het nummer met de snor weg moet. En wat is duidelijker voor het publiek?, dat maakt niet veel uit en dan wegen de kosten er niet tegenop. Wanneer iemand nog hele sterke argumenten heeft om het wel te doen, kunnen wij daar in maart volgend jaar over stemmen.<br \/>\n<em>Het punt reclame:<\/em> vergadering merkt op dat de PR beter kan. Lokale kranten, zoals Sneker dagblad e.a. standaard de uitslagen mailen. Maar ook dat de wedstrijden of andere activiteiten gehouden worden zodat het publiek beter op de hoogte is en misschien komt.<\/li>\n<\/ol>\n<ol start=\"10\">\n<li><strong> <\/strong><strong>Evaluatie 2021:<br \/>\n<\/strong>De bekers zijn gegraveerd en worden wederom uitgereikt. Errit de Jong ontvangt de Zwaga-bokaal als grootste stijger en Sjouke Kalsbeek de wisselbeker.<br \/>\nIn Aldegea was alles weer goed geregeld. De vergadering is het erover eens dat het de ideale stek is omdat het publiek van alle kanten het water goed kan overzien.<br \/>\nIn Terherne is het ligplaats nemen een probleem. Bij de Heerenzijlbrug wordt er nu strenger op toegezien. Alternatieven zijn er bijna niet. Ander probleem is dat het publiek er niet bij kan. Dat is er nauwelijks, maar daar willen we wel verandering in brengen.<br \/>\nIs Grou niet een betere plek. Dat is voor het publiek aantrekkelijker. De baan zal iets korter zijn en er loopt een geultje door heen. Maar dat nadeel weegt niet op tegen het krijgen van meer publiciteit.<br \/>\nOok Langwar zou zich daarvoor lenen. De Nije Sylpream heeft daar ook wedstrijden. Het bestuur zegt toe onderzoek te gaan doen en in maart met de concrete planning te komen ten aanzien van de locaties.<\/li>\n<\/ol>\n<ol start=\"11\">\n<li><strong> <\/strong><strong>Jaaragenda wedstrijden 2022<\/strong><br \/>\n&#8211; 7 mei proloog in Terherne met het jubileumfeest. De opzet zoals die klaar ligt blijft hetzelfde met 2 wedstrijden, speurtocht en admiraalzeilen en feest na afloop.<br \/>\n&#8211; 21-22 mei Woudsend, alternatief Balk of Heech.<br \/>\n&#8211; 25-26 juni Aldegea.<br \/>\n&#8211; 27 augustus Eastermar. Dat wordt dit jaar de Slach om de br\u00fbkoph\u00e2lder. Het zal deze keer iets anders zijn dan met de proloog in 2019 omdat er tegelijk het straatfestival \u201cEasterbarren\u201d is. De passantenhaven is dan vaak vol. De locatie om aan te leggen zal dan watersportbedrijf De Lits worden. De optie is om dan de \u201cSlach om Aldegea\u201d en de \u201cSlach om de Br\u00fbkoph\u00e2lder\u201d om het jaar af te wisselen.<br \/>\n&#8211; 17-18 september Terherne, alternatief Grou of Langwar.<\/li>\n<\/ol>\n<ol start=\"12\">\n<li><strong> <\/strong><strong>Wedstrijdreglement 2022:<\/strong><br \/>\n&#8211; Gediscussieerd wordt over het aantal wedstrijden wat per dag gevaren wordt. Wiebe van der Pol stelt voor om op de eerste dag gewoon vast te stellen dat er tot 16.00 uur gevaren wordt. Het kan dan voorkomen dat je 4 wedstrijden zeilt i.p.v. 3. De vergadering is het erover eens dat de zondag op 2 wedstrijden blijft omdat er dan tijd overblijft om naar huis te varen. Je legt dan niet meer vooraf vast uit hoeveel wedstrijden de competitie zal bestaan. Dat maakt het rekenen omtrent de uitslag lastiger. Het is dan langer onzeker wie de winnaar gaat worden. Het bestuur zegt zich hierover te beraden.<br \/>\n&#8211; Het blijkt dat niet alle stipers het regelement en de data hebben ontvangen. Auke Postma geeft aan dat hij die bij de eerste wedstrijden in Aldegea ook niet benaderd had omdat hij er van uit ging dat de schipper\/eigenaars dat doen. Zelf had hij ook die ervaring. Bij de andere wedstrijden is dat hersteld. Maar als blijkt dat er nog hiaten in zitten zegt hij toe de lijsten nog eens grondig door te spitten om die er uit te halen. Ook de mjitters waren niet uitgenodigd. Ook dit was niet bekend bij de secretaris. De volgende keer gebeurt dat niet weer. Y Bouma geeft aan dat het voor hem niet meer hoeft en geeft aan niet meer als mjitter beschikbaar te zijn.<br \/>\n&#8211; Punt van aandacht is de aanwezigheid van EHBO. Het kost best veel geld en bij de wedstrijden in Terherne waren 2 personen die de sfeer niet echt positief be\u00efnvloeden. De secretaris heeft navraag gedaan. Er moet tenminste \u00e9\u00e9n EHBO-er standby staan met een gekeurde koffer. Dit mag waarschijnlijk ook en BHV-er zijn maar is niet bij het KNWV te vinden. De wet moet daar duidelijk over geven. Wie? Volgens de instructeur die Auke geraadpleegd heeft worden bij alle soort wedstrijden altijd EHBO-ers ingezet. Wettelijk zou BHV ook moeten kunnen, maar geen enkele sportkoepel geeft dat aan. Zij spreken altijd over EHBO. Bij een evenement van meer dan 50 personen moet een tweede aanwezig zijn. Zelf heeft Auke EHBO en zeilt mee. Bij een calamiteit is hij met een rib snel aanwezig om de standby-er bij te staan.\u00a0 Aangezien Jaap Faber altijd op het startschip aanwezig is zou hij de aangewezen persoon zijn om ook EHBO-er te zijn. Na een eenmalige investering voor de cursus en de koffer bespaart dat veel geld. De jaarlijkse herhaling kost iets minder dan \u20ac 50,- incl. registratie en offici\u00eble pas.<\/li>\n<\/ol>\n<ol start=\"13\">\n<li><strong> <\/strong><strong>Opgave zeilcompetitie:<\/strong><br \/>\nGeen opmerkingen. Systeem zoals het nu is handhaven.<\/li>\n<\/ol>\n<ol start=\"14\">\n<li><strong>\u00a0<\/strong><strong>Hoe krijgen wij meer actie en publiciteit?<\/strong><br \/>\nHet is belangrijk wat wij ook zelf uitstralen. Het is geen topsport wat wij bedrijven. E\u00e9n van de belangrijkste en misschien wel het belangrijkste aspect is de gezelligheid. Bij elkaar aanleggen na de wedstrijden en samenkomen met een biertje. Interactie met het aanwezige publiek speelt een grote rol. Ook meer de publiciteit gaan zoeken. De secretaris heeft daarin een belangrijke rol met Joke van der Zwaag als PR-medewerker. Auke geeft aan deze winter met haar een plan op te stellen en voor te leggen op de vergadering van maart 2022. Als er dan meer publiek op af komt, dan is het zaak hun ook wat te bieden. De pramen die niet mee varen in de competitie kunnen dan misschien een rol hebben.<\/li>\n<\/ol>\n<ol start=\"15\">\n<li><strong> <\/strong><strong>WVTOK<\/strong><br \/>\nEr moeten dus nieuwe mjitters komen, want ook Peter Tolsma heeft Ygram laten weten te willen stoppen. Klaas Postma stelt voor net als bij de platbodems elkaars schip te keuren. Alle deelnemers komen in de hoge hoed en dan wordt er getrokken. Voorwaarde is wel dat er dan een duidelijke voorschriftenlijst is die afgevinkt kan worden. Meer voorstellen worden er nu niet gedaan.<\/li>\n<\/ol>\n","protected":false},"excerpt":{"rendered":"<p>\u00a0 \u00a0 \u00a0 \u00a0 \u00a0 \u00a02021 &#8211; \u00a0Leden-vergadering \u00a0&#8211; \u00a0&#8216;de Fryske Boerepream\u2019 \u00a0 \u00a0 \u00a0 \u00a0 \u00a0 \u00a0 \u00a0\u00a0 Ferslach Leden-Evaluatievergadering Sylkompetysje 2021 Datum:\u00a0 \u00a0 \u00a0 \u00a0 \u00a0 \u00a0 \u00a0 woensdag 13 oktober 2021 Plaats:\u00a0 \u00a0 \u00a0 \u00a0 \u00a0 \u00a0 \u00a0 \u00a0Doarpsh\u00fbs \u201cDe Tijesprong\u201d Raerd. Aanvang: \u00a0\u00a0\u00a0\u00a0\u00a0\u00a0\u00a0\u00a0 20.00 uur Aanwezig:\u00a0\u00a0\u00a0\u00a0\u00a0\u00a0\u00a0 [&hellip;]<\/p>\n","protected":false},"author":3501,"featured_media":1145,"comment_status":"open","ping_status":"closed","sticky":false,"template":"","format":"standard","meta":{"_exactmetrics_skip_tracking":false,"_exactmetrics_sitenote_active":false,"_exactmetrics_sitenote_note":"","_exactmetrics_sitenote_category":0,"footnotes":""},"categories":[26,25,3],"tags":[],"class_list":["post-3637","post","type-post","status-publish","format-standard","has-post-thumbnail","hentry","category-archief","category-ledefergaderingen-argyf","category-nijs"],"_links":{"self":[{"href":"https:\/\/www.defryskeboerepream.nl\/index.php?rest_route=\/wp\/v2\/posts\/3637","targetHints":{"allow":["GET"]}}],"collection":[{"href":"https:\/\/www.defryskeboerepream.nl\/index.php?rest_route=\/wp\/v2\/posts"}],"about":[{"href":"https:\/\/www.defryskeboerepream.nl\/index.php?rest_route=\/wp\/v2\/types\/post"}],"author":[{"embeddable":true,"href":"https:\/\/www.defryskeboerepream.nl\/index.php?rest_route=\/wp\/v2\/users\/3501"}],"replies":[{"embeddable":true,"href":"https:\/\/www.defryskeboerepream.nl\/index.php?rest_route=%2Fwp%2Fv2%2Fcomments&post=3637"}],"version-history":[{"count":18,"href":"https:\/\/www.defryskeboerepream.nl\/index.php?rest_route=\/wp\/v2\/posts\/3637\/revisions"}],"predecessor-version":[{"id":3682,"href":"https:\/\/www.defryskeboerepream.nl\/index.php?rest_route=\/wp\/v2\/posts\/3637\/revisions\/3682"}],"wp:featuredmedia":[{"embeddable":true,"href":"https:\/\/www.defryskeboerepream.nl\/index.php?rest_route=\/wp\/v2\/media\/1145"}],"wp:attachment":[{"href":"https:\/\/www.defryskeboerepream.nl\/index.php?rest_route=%2Fwp%2Fv2%2Fmedia&parent=3637"}],"wp:term":[{"taxonomy":"category","embeddable":true,"href":"https:\/\/www.defryskeboerepream.nl\/index.php?rest_route=%2Fwp%2Fv2%2Fcategories&post=3637"},{"taxonomy":"post_tag","embeddable":true,"href":"https:\/\/www.defryskeboerepream.nl\/index.php?rest_route=%2Fwp%2Fv2%2Ftags&post=3637"}],"curies":[{"name":"wp","href":"https:\/\/api.w.org\/{rel}","templated":true}]}}